{"id":404,"date":"2013-03-19T10:39:41","date_gmt":"2013-03-19T09:39:41","guid":{"rendered":"http:\/\/bliss.pro\/fracture\/?p=404"},"modified":"2013-10-24T14:29:11","modified_gmt":"2013-10-24T12:29:11","slug":"fiche-de-lecture-repenser-la-pauvrete","status":"publish","type":"post","link":"http:\/\/bliss.pro\/fracture\/fiche-de-lecture-repenser-la-pauvrete\/","title":{"rendered":"Repenser la pauvret\u00e9"},"content":{"rendered":"<p>Esther Duflo, Abhijit V. Banerjee,\u00a0Seuil, 2012, 430 p.<\/p>\n<p><b>Les auteurs<br \/>\n<\/b>Abhijit V. Banerjee et Esther Duflo, tous deux professeurs d\u2019\u00e9conomie au MIT, ont cofond\u00e9 et codirigent J-PAL (Abdul Latif Jameel Poverty Action Lab), laboratoire d\u2019action contre la pauvret\u00e9. J-PAL, dont les bureaux sont \u00e0 Boston, au Cap, \u00e0 Santiago du Chili, \u00e0 Chennai et \u00e0 Paris, commercialise des tests al\u00e9atoires contr\u00f4l\u00e9s dans le secteur de la lutte contre la pauvret\u00e9. Depuis sa cr\u00e9ation, plus de 250 exp\u00e9rimentations ont \u00e9t\u00e9 conduites dans une quarantaine de pays. Esther Duflo a \u00e9t\u00e9 la premi\u00e8re titulaire de la chaire \u00ab\u00a0Savoirs contre pauvret\u00e9\u00a0\u00bb, au Coll\u00e8ge de France.<\/p>\n<p><b style=\"line-height: 1.714285714; font-size: 1rem;\">Synth\u00e8se<br \/>\n<\/b>Malgr\u00e9 des d\u00e9cennies d\u2019\u00e9chec de politiques visant \u00e0 l\u2019\u00e9radiquer, la pauvret\u00e9 n\u2019est pas insurmontable en soi, ce sont plut\u00f4t les th\u00e9ories \u00e9conomiques qui ont \u00e9t\u00e9 mal pens\u00e9es\u00a0: telle est la conclusion \u00e0 laquelle sont parvenus Esther Duflo et Abhijit V. Banerjee apr\u00e8s quinze ann\u00e9es de recherche sur les m\u00e9canismes de la pauvret\u00e9.<br \/>\nLe d\u00e9faut principal de ces politiques\u00a0? \u00ab\u00a0Les pauvres\u00a0\u00bb, cat\u00e9gorie \u00e0 part enti\u00e8re, en ont \u00e9t\u00e9 exclus. Plus d\u2019un milliard de personnes vivent avec moins d\u2019un dollar par jour. Or leur vie et leurs choix sont sources de connaissances pour les chercheurs\u00a0: les pauvres ne sont pas moins rationnels que les autres, au contraire. Pr\u00e9cis\u00e9ment parce qu\u2019ils poss\u00e8dent peu de choses, ils se montrent souvent extr\u00eamement prudents dans leurs choix\u00a0: ce n\u2019est qu\u2019en d\u00e9veloppant une \u00e9conomie complexe qu\u2019ils peuvent survivre.<br \/>\nPour mieux comprendre comment les pauvres d\u00e9cident de leurs actions, les auteurs ont emprunt\u00e9 leur m\u00e9thode d\u2019\u00e9valuation \u00e0 la recherche m\u00e9dicale\u00a0: les essais randomis\u00e9s contr\u00f4l\u00e9s (Randomized Controlled Trials \u2013 RCT). Ces tests permettent d\u2019exp\u00e9rimenter \u00e0 grande \u00e9chelle les politiques de lutte contre la pauvret\u00e9 et de valider ou d\u2019invalider les hypoth\u00e8ses sur lesquelles celles-ci sont bas\u00e9es. En pratique, ils consistent \u00e0 prendre deux groupes d\u2019individus, l\u2019un est le \u2018groupe t\u00e9moin\u2019 (aucun dispositif ne lui est affect\u00e9) et l\u2019autre le \u2018groupe test\u2019 (on lui affecte un dispositif). Les chercheurs observent les diff\u00e9rences qui apparaissent ou non entre ces deux groupes afin d\u2019\u00e9valuer l\u2019impact r\u00e9el du dispositif. Ces exp\u00e9rimentations de terrain permettent \u00e9galement de d\u00e9tecter des causalit\u00e9s insoup\u00e7onn\u00e9es utilisables dans l\u2019\u00e9laboration des politiques publiques.<br \/>\nLes r\u00e9sultats des exp\u00e9rimentations mettent en \u00e9vidence des formes de raisonnement inattendues et originales. Par exemple, pour savoir si la distribution gratuite de moustiquaires a un impact plus grand dans la lutte contre le paludisme que leur vente pour une somme symbolique, comparer des personnes ayant b\u00e9n\u00e9fici\u00e9 de ces deux programmes n\u2019a pas de sens\u00a0: si ces politiques ont \u00e9t\u00e9 appliqu\u00e9es \u00e0 des groupes diff\u00e9rents, c\u2019est bien parce que leurs caract\u00e9ristiques \u00e9taient diff\u00e9rentes au d\u00e9part, et donc incomparables.<br \/>\n<span style=\"line-height: 1.714285714; font-size: 1rem;\">De m\u00eame ce n\u2019est pas pour des raisons religieuses que des parents n\u2019am\u00e8nent pas leurs enfants se faire vacciner, mais par manque de commodit\u00e9 et procrastination. Et si le microcr\u00e9dit peine \u00e0 se d\u00e9velopper, ce n\u2019est pas \u00e0 cause de l\u2019incapacit\u00e9 des populations \u00e0 penser strat\u00e9giquement mais de l\u2019incompatibilit\u00e9 entre la rigidit\u00e9 du microcr\u00e9dit et les risques inh\u00e9rents \u00e0 l\u2019entrepreneuriat.<br \/>\n<\/span><span style=\"line-height: 1.714285714; font-size: 1rem;\">La conclusion de l\u2019ouvrage, qui regorge d\u2019\u00e9tudes de cas, prend la forme de cinq le\u00e7ons tir\u00e9es du travail d\u2019\u00e9valuation effectu\u00e9 sur le terrain :<br \/>\n<\/span>\u2022\u00a0Le manque d\u2019information est \u00e0 la base des mauvaises d\u00e9cisions des pauvres. Il faut donc des campagnes d\u2019informations attrayantes, cr\u00e9dibles et apportant des nouveaut\u00e9s.<br \/>\n\u2022\u00a0Les pauvres ont plus de choix \u00e0 faire que le reste de la population. Ils sont responsables \u00e0 100% des d\u00e9cisions qu\u2019ils prennent et subissent beaucoup plus de pression, du fait qu\u2019ils essaient au maximum de limiter leurs risques. Il faudrait leur faciliter la prise de d\u00e9cision. Par exemple: diminuer le prix du sel enrichi en iode am\u00e9liore de mani\u00e8re d\u00e9cisive la sant\u00e9, et incitera les plus pauvres \u00e0 en faire leur choix par d\u00e9faut.<br \/>\n\u2022\u00a0Les pauvres n\u2019ont pas acc\u00e8s \u00e0 certains march\u00e9s tels que l\u2019\u00e9pargne ou l\u2019assurance maladie. Des innovations sociales et \u00e9conomiques ou encore l\u2019intervention des pouvoirs publics est d\u00e9cisive pour y rem\u00e9dier, m\u00eame si cela implique la gratuit\u00e9 de certains services.<br \/>\n\u2022\u00a0Ce ne sont pas les structures des pays pauvres qu\u2019il faut changer mais la conception des politiques publiques. Les 3 \u2018i\u2019, inertie, ignorance, id\u00e9ologie, sont souvent \u00e0 l\u2019origine de l\u2019\u00e9chec des politiques sociales.<br \/>\n\u2022\u00a0Pr\u00e9jug\u00e9s et croyances peuvent avoir un impact d\u00e9vastateur sur ce que les gens se croient capables de faire. Rompre les cercles vicieux est une n\u00e9cessit\u00e9.<br \/>\nFinalement, la question cl\u00e9 est plut\u00f4t \u00ab\u00a0comment d\u00e9penser l\u2019argent\u00a0\u00bb, et non \u00ab\u00a0combien il faut en d\u00e9penser\u00a0\u00bb. Plut\u00f4t que de chercher la cause ultime de la pauvret\u00e9 afin d\u2019en d\u00e9terminer les solutions, mieux vaut se concentrer sur des cas concrets\u00a0: comment r\u00e9sorber une \u00e9pid\u00e9mie de dengue, comment g\u00e9n\u00e9raliser la vaccination, etc.<br \/>\nLes auteurs ouvrent une troisi\u00e8me voie dans le d\u00e9bat sur l\u2019aide internationale qui oppose Jeffrey Sachs \u00e0 William Easterley ou Dambisa Moyo. Pour le premier, l\u2019aide internationale seule permet de r\u00e9soudre le \u2018pi\u00e8ge \u00e0 pauvret\u00e9\u2019, William Easterley et Dambisa Moya jugent au contraire l\u2019aide internationale nocive car elle perp\u00e9tue la d\u00e9pendance, la corruption, la mauvaise gouvernance et la pauvret\u00e9. Leur point commun\u00a0: \u00e9tablir de grandes th\u00e9ories sur la pauvret\u00e9 et ses solutions.<br \/>\n\u2018Repenser la pauvret\u00e9\u2019 ne contient pas de principes g\u00e9n\u00e9raux ni de grandes le\u00e7ons pour combattre la pauvret\u00e9, mais plut\u00f4t un constat simple\u00a0: \u00ab\u00a0les petits changements ont de grands effets\u00a0\u00bb. Les enfants kenyans vermifug\u00e9s \u00e0 l\u2019\u00e9cole pendant deux ans (pour un cout de 1,36 USD PPA par enfant et par an) auront des revenus 20\u00a0% sup\u00e9rieurs tout au long de leur vie adulte, soit un gain total de 3269 USD PPA. Plut\u00f4t que d\u2019attendre des politiques macro-\u00e9conomiques g\u00e9n\u00e9ralisables, Esther Duflo et Abhijit V. Banerjee consid\u00e8rent qu\u2019il faut promouvoir la cr\u00e9ativit\u00e9 pour trouver des solutions adapt\u00e9es avant tout aux vraies r\u00e9alit\u00e9s du quotidien des plus pauvres.<\/p>\n<p><b>Citations et exemples<\/b><b style=\"line-height: 1.714285714; font-size: 1rem;\">\u00a0<\/b><\/p>\n<ul>\n<li>p.32\u00a0: \u00ab\u00a0On peut parler de \u2018pi\u00e8ge de la pauvret\u00e9\u2019 chaque fois que la possibilit\u00e9 de \u2018faire cro\u00eetre ses revenus ou sa richesse \u00e0 un rythme tr\u00e8s \u00e9lev\u00e9\u2019 est limit\u00e9e pour ceux qui ont trop peu \u00e0 investir, mais augmente de fa\u00e7on consid\u00e9rable pour ceux qui peuvent investir un peu plus.\u00a0\u00bb<\/li>\n<li>p.46, \u00e0 propos de l\u2019id\u00e9e selon laquelle la pauvret\u00e9 serait li\u00e9e \u00e0 la sous-alimentation\u00a0: \u00ab\u00a0Le raisonnement est simple. Pour survivre, le corps humain a besoin d\u2019une certaine quantit\u00e9 de calories. Ainsi, lorsque quelqu\u2019un est tr\u00e8s pauvre, la nourriture qu\u2019il peut acheter suffit \u00e0 peine \u00e0 sa survie et \u00e9ventuellement \u00e0 gagner le faible revenu dont il a besoin pour acheter cette nourriture. (\u2026) \u00c0 mesure que les gens s\u2019enrichissent, ils peuvent acheter plus de nourriture. Une fois que les besoins du m\u00e9tabolisme de base sont assur\u00e9s, toute nourriture suppl\u00e9mentaire accro\u00eet les forces de l\u2019individu, lui permettant de produire bien plus que ce dont il a besoin pour simplement rester en vie.\u00a0\u00bb<\/li>\n<li>p.48\u00a0: \u00ab\u00a0L\u2019un des pr\u00e9suppos\u00e9s tacites de notre description du pi\u00e8ge de pauvret\u00e9 est que les pauvres mangent autant qu\u2019ils le peuvent. S\u2019il y avait la moindre chance qu\u2019en mangeant un peu plus, les pauvres deviennent plus productifs et puissent ainsi s\u2019extirper de la zone o\u00f9 ils sont pi\u00e9g\u00e9s dans la pauvret\u00e9, leur meilleure strat\u00e9gie serait de manger le plus possible. Pourtant ce n\u2019est pas ce que l\u2019on constate. La plupart des personnes qui vivent avec moins d\u2019un dollar par jour ne paraissent pas se comporter comme si elles \u00e9taient affam\u00e9es. Si c\u2019\u00e9tait le cas, elles utiliseraient le moindre centime disponible pour se procurer davantage de calories. Mais ce n\u2019est pas ce qu\u2019elles font. Les donn\u00e9es dont nous disposons concernant la vie des pauvres dans dix-huit pays nous montrent que la nourriture repr\u00e9sente 45\u00a0% \u00e0 77\u00a0% du budget d\u2019une famille pauvre dans les campagnes, et 52\u00a0% \u00e0 74\u00a0% dans les villes. Ce n\u2019est pas parce que tout le reste sert \u00e0 acheter des produits de premi\u00e8re n\u00e9cessit\u00e9. Les pauvres ont le choix et d\u00e9cident de ne pas d\u00e9penser autant que possible pour manger. Lorsque les plus pauvres ont la possibilit\u00e9 de d\u00e9penser un peu plus pour leur alimentation, ils ne s\u2019en servent pas seulement pour augmenter leur apport en calories. Ils ach\u00e8tent des calories qui ont meilleur go\u00fbt, mais co\u00fbtent plus cher. Une sorte de \u2018fuite vers la qualit\u00e9\u2019 dans la consommation alimentaire.\u00a0\u00bb<\/li>\n<li>p.67-68-69\u00a0: \u00ab\u00a0Les pauvres r\u00e9sistent souvent aux projets merveilleux con\u00e7us \u00e0 leur intention parce qu\u2019ils ne croient pas que leurs promesses se r\u00e9aliseront, ou en tout cas pas aussi bien que les chefs de projet le pr\u00e9tendent. Une autre explication des habitudes alimentaires des pauvres est qu\u2019il y a des choses plus importantes dans leur vie que la nourriture.\u00a0\u00bb Les auteurs citent par exemple les sommes consid\u00e9rables d\u00e9pens\u00e9es lors des mariages en Inde, ou des fun\u00e9railles en Afrique (qui ont atteint des sommets avec l\u2019explosion du Sida, au point que le roi du Swaziland a d\u00fb interdire purement et simplement les fun\u00e9railles fastueuses). Ils citent aussi des villages recul\u00e9s du Maroc o\u00f9 les habitants se plaignent de mal se nourrir, mais poss\u00e8dent t\u00e9l\u00e9vision, lecteur de DVD, antenne parabolique et t\u00e9l\u00e9phone portable\u00a0: \u00ab\u00a0La t\u00e9l\u00e9vision, c\u2019est plus important que la nourriture\u00a0!\u00a0\u00bb, s\u2019exclame le chef de famille. \u00ab\u00a0Pour les pauvres, les choses qui rendent la vie moins ennuyeuse sont une priorit\u00e9, la t\u00e9l\u00e9vision ou quelque chose de bon \u00e0 manger.\u00a0\u00bb Les nombreux petits plaisirs que s\u2019offrent les pauvres \u00ab\u00a0ne sont pas des achats impulsifs, ils ne sont pas le fait de gens qui ne r\u00e9fl\u00e9chissent pas assez \u00e0 ce qu\u2019ils font. Ils sont soigneusement pes\u00e9s et manifestent des d\u00e9sirs profonds, que ceux-ci viennent des individus eux-m\u00eames ou de pressions ext\u00e9rieures. Le monde des pauvres nous appara\u00eet souvent comme une s\u00e9rie d\u2019occasions manqu\u00e9es\u00a0: nous nous demandons pourquoi ils ne renoncent pas temporairement \u00e0 des d\u00e9penses [qui nous paraissent luxueuses pour eux] au profit d\u2019investissements qui am\u00e9lioreraient vraiment leur vie. Les pauvres, eux, pourraient bien \u00eatre plus sceptiques que nous quant \u00e0 ces pr\u00e9tendues occasions et quant \u00e0 la possibilit\u00e9 de changer radicalement leur vie. Souvent ils agissent comme s\u2019ils pensaient que tout changement assez significatif pour justifier des sacrifices prendrait simplement trop de temps. Cela pourrait expliquer pourquoi ils se focalisent sur l\u2019ici et maintenant et semblent d\u2019abord pr\u00e9occup\u00e9s de vivre leur vie de fa\u00e7on aussi agr\u00e9able que possible et de faire la f\u00eate quand l\u2019occasion se pr\u00e9sente.\u00a0\u00bb<\/li>\n<li>p.72, apr\u00e8s un chapitre \u00e0 expliquer que le poste de d\u00e9penses le plus urgent pour les pauvres n\u2019est pas celui de l\u2019alimentation\u00a0: \u00ab\u00a0Le monde des pauvres nous appara\u00eet souvent comme une s\u00e9rie d\u2019occasions manqu\u00e9es\u00a0: nous nous demandons pourquoi ils ne renoncent pas temporairement \u00e0 des d\u00e9penses comme celles-ci au profit d\u2019investissements qui am\u00e9lioreraient vraiment leur vie. Les pauvres, eux, pourraient bien \u00eatre plus sceptiques que nous quant \u00e0 ces pr\u00e9tendues occasions et quant \u00e0 la possibilit\u00e9 de changer radicalement leur vie. Souvent, ils agissent comme s\u2019ils pensaient que tout changement assez significatif pour justifier des sacrifices prendrait simplement trop de temps. Cela pourrait expliquer pourquoi ils se focalisent sur l\u2019ici et maintenant et semblent d\u2019abord pr\u00e9occup\u00e9s de vivre leur vie de fa\u00e7on aussi agr\u00e9able que possible et de faire la f\u00eate quand l\u2019occasion se pr\u00e9sente.\u00a0\u00bb<\/li>\n<li>p.73\u00a0: \u00ab\u00a0Si les m\u00e9canismes fondamentaux qui pourraient induire l\u2019existence d\u2019un pi\u00e8ge de pauvret\u00e9 li\u00e9 \u00e0 une mauvaise alimentation ne semblent pas \u00e0 l\u2019\u0153uvre pour les adultes, cela ne signifie pas que se nourrir ne soit pas un probl\u00e8me pour les pauvres. Mais, moins que de quantit\u00e9 d\u2019aliments, le probl\u00e8me est sans doute plus une question de qualit\u00e9, et plus pr\u00e9cis\u00e9ment de carences en micronutriments.\u00a0\u00bb<\/li>\n<li>p.213\u00a0: \u00ab\u00a0L\u2019un de nos amis, qui \u00e9volue dans le monde de la haute finance, dit toujours des pauvres qu\u2019ils sont comme les gestionnaires de fonds sp\u00e9culatifs\u00a0: comme la leur, leur vie est extr\u00eamement risqu\u00e9e. Selon lui, la seule diff\u00e9rence entre les deux est l\u2019\u00e9cart de revenus. En r\u00e9alit\u00e9, il ne va pas assez loin\u00a0: aucun sp\u00e9culateur n\u2019est responsable \u00e0 100\u00a0% de ses pertes, \u00e0 la diff\u00e9rence de presque tous les propri\u00e9taires de petits commerces ou les petits agriculteurs. De plus, les pauvres doivent souvent avancer eux-m\u00eames tout le capital, soit gr\u00e2ce aux \u2018biens\u2019 accumul\u00e9s par leur famille, soit par des pr\u00eats \u2013 une situation que la plupart des sp\u00e9culateurs n\u2019ont jamais \u00e0 affronter.\u00a0\u00bb \u00ab\u00a0Une large fraction des pauvres tient des petits commerces ou des petites exploitations agricoles. Selon notre base de donn\u00e9es portant sur dix-huit pays, une moyenne de 44\u00a0% des urbains pauvres ont un commerce ne relevant pas de l\u2019agriculture, tandis que la proportion de ruraux pauvres qui g\u00e8rent une exploitation agricole va de 25\u00a0% \u00e0 98\u00a0%.\u00a0\u00bb<\/li>\n<li>p.219\u00a0: \u00ab\u00a0Non seulement les pauvres sont plus expos\u00e9s aux risques que les moins pauvres, mais le m\u00eame probl\u00e8me a souvent pour eux des cons\u00e9quences bien plus dramatiques. Tout d\u2019abord, les restrictions sont plus douloureuses pour quelqu\u2019un qui consomme tr\u00e8s peu au d\u00e9part. Lorsqu\u2019une famille qui b\u00e9n\u00e9ficie d\u2019une certaine aisance doit r\u00e9duire son budget, ses membres peuvent par exemple sacrifier quelques minutes de t\u00e9l\u00e9phone portable, acheter moins souvent de la viande ou envoyer les enfants dans une \u00e9cole moins ch\u00e8re. Mais pour les pauvres, une baisse importante de revenus peut entra\u00eener des coupes dans des d\u00e9penses fondamentales.\u00a0\u00bb<\/li>\n<li>p.222\u00a0: \u00ab\u00a0\u00catre expos\u00e9 \u00e0 des risques (non seulement celui de voir ses revenus diminuer, mais aussi de mourir ou de tomber malade) est une source de pr\u00e9occupation, qui engendre angoisse et d\u00e9pression. Les sympt\u00f4mes de d\u00e9pression sont bien plus fr\u00e9quents chez les pauvres. Le fait d\u2019\u00eatre angoiss\u00e9 nuit \u00e0 notre facult\u00e9 de concentration, ce qui nous rend moins productifs. Il y en a particulier un lien fort entre la pauvret\u00e9 et le niveau de cortisol, hormone li\u00e9e au stress, produit par le corps. Inversement, on observe une moindre concentration de cortisol dans l\u2019organisme lorsque les foyers re\u00e7oivent de l\u2019aide. Les enfants de familles b\u00e9n\u00e9ficiant du programme Progresa, dispositif d\u2019allocations mis en place au Mexique, en s\u00e9cr\u00e9taient ainsi beaucoup moins que ceux dont les m\u00e8res n\u2019en b\u00e9n\u00e9ficiaient pas.\u00a0\u00bb<\/li>\n<li>p.245, chapitre consacr\u00e9 \u00e0 la micro-finance, o\u00f9 elle est plut\u00f4t critiqu\u00e9e\u00a0: risque \u00e9lev\u00e9 d\u2019usure (p.258 &amp; 262), peu de flexibilit\u00e9 (p.259), pas vraiment efficace pour l\u2019\u2019empowerment\u2019 des femmes (\u2018aucun signe de transformation radicale. Nulle part nous n\u2019avons constat\u00e9 que les femmes avaient le sentiment d\u2019avoir acquis plus de pouvoir, du moins dans des proportions mesurables.\u2019, p.265)\u00a0; \u00ab\u00a0Le microcr\u00e9dit n\u2019est pas non plus un moyen efficace pour d\u00e9couvrir les talents susceptibles de cr\u00e9er de grandes entreprises. Tout est fait dans la microfinance pour inciter les clients \u00e0 la prudence, ce qui n\u2019est pas la meilleure fa\u00e7on d\u2019identifier les personnes ayant le go\u00fbt du risque. Il y a bien s\u00fbr toujours des contre-exemples, mais ils sont extr\u00eamement rares. Apr\u00e8s plus de trente ans de fonctionnement, les pr\u00eats de la Grameen Bank restent, pour l\u2019essentiel, tr\u00e8s modestes.\u00a0\u00bb (p.274)<\/li>\n<li>p.320\u00a0: \u00ab\u00a0Le nombre de propri\u00e9taires d\u2019entreprises parmi les pauvres est impressionnant. Pourtant tout semble s\u2019opposer \u00e0 ce que les pauvres fondent des entreprises. Ils ont moins de fonds propres, et leur acc\u00e8s \u00e0 l\u2019assurance, aux services bancaires ou \u00e0 toute autre source de financement abordable est tr\u00e8s limit\u00e9. Les pr\u00eateurs informels, la principale source de financement libre accessible aux personnes qui ne peuvent pas emprunter \u00e0 des amis ou \u00e0 de la famille exigent des taux d\u2019int\u00e9r\u00eat mensuels d\u2019au moins 4\u00a0%. En cons\u00e9quence, il est plus difficile pour les pauvres de faire les investissements n\u00e9cessaires \u00e0 la gestion d\u2019une v\u00e9ritable entreprise et leurs avoirs personnels sont davantage expos\u00e9s aux risques li\u00e9s \u00e0 l\u2019entreprise. Le simple fait qu\u2019ils soient n\u00e9anmoins presque autant \u00e0 fonder une entreprise que leurs homologues plus riches est souvent interpr\u00e9t\u00e9 comme un signe de leur esprit entrepreneurial.\u00a0\u00bb<\/li>\n<\/ul>\n","protected":false},"excerpt":{"rendered":"<p>Esther Duflo, Abhijit V. Banerjee,\u00a0Seuil, 2012, 430 p. Les auteurs Abhijit V. Banerjee et Esther Duflo, tous deux professeurs d\u2019\u00e9conomie au MIT, ont cofond\u00e9 et codirigent J-PAL (Abdul Latif Jameel Poverty Action Lab), laboratoire d\u2019action contre la pauvret\u00e9. J-PAL, dont les bureaux sont \u00e0 Boston, au Cap, \u00e0 Santiago du Chili, \u00e0 Chennai et \u00e0 [&hellip;]<\/p>\n","protected":false},"author":2,"featured_media":0,"comment_status":"closed","ping_status":"closed","sticky":false,"template":"","format":"standard","meta":{"footnotes":""},"categories":[3],"tags":[],"class_list":["post-404","post","type-post","status-publish","format-standard","hentry","category-fiches-de-lecture"],"_links":{"self":[{"href":"http:\/\/bliss.pro\/fracture\/wp-json\/wp\/v2\/posts\/404","targetHints":{"allow":["GET"]}}],"collection":[{"href":"http:\/\/bliss.pro\/fracture\/wp-json\/wp\/v2\/posts"}],"about":[{"href":"http:\/\/bliss.pro\/fracture\/wp-json\/wp\/v2\/types\/post"}],"author":[{"embeddable":true,"href":"http:\/\/bliss.pro\/fracture\/wp-json\/wp\/v2\/users\/2"}],"replies":[{"embeddable":true,"href":"http:\/\/bliss.pro\/fracture\/wp-json\/wp\/v2\/comments?post=404"}],"version-history":[{"count":5,"href":"http:\/\/bliss.pro\/fracture\/wp-json\/wp\/v2\/posts\/404\/revisions"}],"predecessor-version":[{"id":1714,"href":"http:\/\/bliss.pro\/fracture\/wp-json\/wp\/v2\/posts\/404\/revisions\/1714"}],"wp:attachment":[{"href":"http:\/\/bliss.pro\/fracture\/wp-json\/wp\/v2\/media?parent=404"}],"wp:term":[{"taxonomy":"category","embeddable":true,"href":"http:\/\/bliss.pro\/fracture\/wp-json\/wp\/v2\/categories?post=404"},{"taxonomy":"post_tag","embeddable":true,"href":"http:\/\/bliss.pro\/fracture\/wp-json\/wp\/v2\/tags?post=404"}],"curies":[{"name":"wp","href":"https:\/\/api.w.org\/{rel}","templated":true}]}}