{"id":1047,"date":"2013-04-29T21:03:55","date_gmt":"2013-04-29T20:03:55","guid":{"rendered":"http:\/\/bliss.pro\/fracture\/?p=1047"},"modified":"2013-05-02T01:38:52","modified_gmt":"2013-05-02T00:38:52","slug":"la-crise-touche-plus-les-plus-modestes-le-figaro","status":"publish","type":"post","link":"https:\/\/bliss.pro\/fracture\/la-crise-touche-plus-les-plus-modestes-le-figaro\/","title":{"rendered":"La crise touche plus les plus modestes | Le Figaro"},"content":{"rendered":"<p>Lefigaro.fr | 24\/04\/2013 \u00e0 06:56<\/p>\n<p>Le niveau de vie des Fran\u00e7ais a stagn\u00e9 ou baiss\u00e9 en 2010, mais cette tendance masque une r\u00e9alit\u00e9 contrast\u00e9e :\u00a0<a style=\"line-height: 1.714285714; font-size: 1rem;\" href=\"http:\/\/www.lefigaro.fr\/conjoncture\/2011\/12\/05\/04016-20111205ARTFIG00508-les-inegalites-se-creusent-dans-les-pays-riches.php\" target=\"_blank\">les plus modestes ont \u00e9t\u00e9 particuli\u00e8rement touch\u00e9s par la crise<\/a>, alors que les 5% les plus riches ont tir\u00e9 leur \u00e9pingle du jeu, souligne une \u00e9tude de l&rsquo;Insee.<\/p>\n<p>Cette ann\u00e9e-l\u00e0, le niveau de vie m\u00e9dian de la quasi-totalit\u00e9 des m\u00e9nages fran\u00e7ais a baiss\u00e9 de 0,5% par rapport \u00e0 2009, indique l&rsquo;Institut de la statistique dans son ouvrage \u00ab\u00a0Revenus et patrimoines des m\u00e9nages\u00a0\u00bb publi\u00e9 mercredi. Il atteignait 19.270 euros annuels, soit 1.610 euros par mois (la premi\u00e8re moiti\u00e9 de la population ayant moins, la seconde plus).<\/p>\n<p>Mais si presque tous les Fran\u00e7ais sont concern\u00e9s par cette baisse, elle est plus sensible dans le bas que dans le haut de l&rsquo;\u00e9chelle de revenus, pr\u00e9cise l&rsquo;Insee. Ainsi, la diminution oscille entre 1,3 et 1,6% pour les 30% les plus pauvres, mais est limit\u00e9e \u00e0 0,3% pour les 10% les plus riches.<\/p>\n<p>Seules les cat\u00e9gories les plus ais\u00e9es ont \u00e9chapp\u00e9 \u00e0 la stagnation ou \u00e0 la baisse de leur niveau de vie. Ainsi, le niveau de vie des 5% les mieux lotis est reparti \u00e0 hausse en 2010 (+1,3%) apr\u00e8s avoir quasiment stagn\u00e9 en 2009 (+0,2%). Et les revenus des 1% des personnes les plus ais\u00e9es ont augment\u00e9 plus fortement encore.<br \/>\nCons\u00e9quence de cet \u00e9cart, la plupart des indicateurs d&rsquo;in\u00e9galit\u00e9 ont progress\u00e9 en 2010, ainsi que le taux de pauvret\u00e9 mon\u00e9taire, qui a atteint 14,1% de la population (en hausse de 0,6 point par rapport \u00e0 2009), rappelle l&rsquo;Insee. Cela signifie qu&rsquo;en un an, environ 440.000 personnes suppl\u00e9mentaires sont tomb\u00e9es sous le seuil de pauvret\u00e9.<\/p>\n<p>La hausse a particuli\u00e8rement touch\u00e9 les familles, avec 2,7 millions d&rsquo;enfants pauvres et un taux de pauvret\u00e9 des moins de 18 ans de 19,6% en 2010.<\/p>\n<p><b>Plus de pauvres chez les femmes \u00e2g\u00e9es\u00a0<\/b><\/p>\n<p>\u00ab\u00a0Depuis le d\u00e9but de la crise, en 2008, le niveau de vie a augment\u00e9 pour les Fran\u00e7ais situ\u00e9s dans la moiti\u00e9 sup\u00e9rieure de l&rsquo;\u00e9chelle des revenus alors qu&rsquo;il a diminu\u00e9 pour les autres\u00a0\u00bb, a r\u00e9sum\u00e9 J\u00e9r\u00f4me Accardo, chef du d\u00e9partement des prix \u00e0 la consommation, des ressources et des conditions de vie des m\u00e9nages, en conf\u00e9rence de presse.<\/p>\n<p>Le syst\u00e8me de protection sociale a toutefois amorti l&rsquo;augmentation des in\u00e9galit\u00e9s, pr\u00e9cise l&rsquo;Insee. Ainsi les allocations ch\u00f4mage et les transferts sociaux (prestations familiales, allocations logement, minima sociaux) \u00ab\u00a0ont att\u00e9nu\u00e9 les \u00e9carts d&rsquo;\u00e9volution d&rsquo;un bout \u00e0 l&rsquo;autre de la distribution\u00a0\u00bb.<\/p>\n<p>Autre enseignement de l&rsquo;\u00e9tude: depuis 1996, en moyenne, les niveaux de vie des plus de 65 ans et des personnes d&rsquo;\u00e2ge actif \u00e9voluent parall\u00e8lement.<br \/>\nMais, au-del\u00e0 de cette moyenne, les situations individuelles sont plus contrast\u00e9es, souligne l&rsquo;Insee. Ainsi le niveau de vie des seniors les plus jeunes a progress\u00e9 plus rapidement que celui des plus \u00e2g\u00e9s. En effet les g\u00e9n\u00e9rations r\u00e9centes de personnes \u00e2g\u00e9es, et particuli\u00e8rement de femmes, b\u00e9n\u00e9ficient de carri\u00e8res salariales de plus en plus compl\u00e8tes et arrivent \u00e0 la retraite avec des niveaux de pension, et donc des niveaux de prix, de plus en plus \u00e9lev\u00e9s.<\/p>\n<p>\u00ab\u00a0Les nouveaux retrait\u00e9s ont acquis de meilleurs droits \u00e0 la retraite et ont b\u00e9n\u00e9fici\u00e9 de la mont\u00e9e en charge des retraites compl\u00e9mentaires\u00a0\u00bb, a soulign\u00e9 Madga Tomasini, sous-directrice de l&rsquo;Observation de la solidarit\u00e9 \u00e0 la Drees (minist\u00e8re des Affaires sociales).<\/p>\n<p>Avec un taux de pauvret\u00e9 de 10,4% en 2009 (dernier chiffre disponible), les personnes \u00e2g\u00e9es restent en moyenne moins touch\u00e9es par la pauvret\u00e9 que les personnes d&rsquo;\u00e2ge actif, souligne aussi l&rsquo;Insee. Mais la pauvret\u00e9 des seniors reste concentr\u00e9e et s&rsquo;est m\u00eame accrue chez les femmes de plus de 75 ans, souvent veuves et qui, sur les g\u00e9n\u00e9rations concern\u00e9es, ont peu travaill\u00e9 et donc moins cotis\u00e9 pour leur retraite.<\/p>\n<p><a title=\"La crise touche plus les plus modestes | Le Figaro\" href=\"http:\/\/www.lefigaro.fr\/flash-eco\/2013\/04\/24\/97002-20130424FILWWW00304-les-plus-modestes-plus-touches-par-la-crise.php\">Article original<\/a> sur le site du Figaro.<\/p>\n","protected":false},"excerpt":{"rendered":"<p>Lefigaro.fr | 24\/04\/2013 \u00e0 06:56 Le niveau de vie des Fran\u00e7ais a stagn\u00e9 ou baiss\u00e9 en 2010, mais cette tendance masque une r\u00e9alit\u00e9 contrast\u00e9e :\u00a0les plus modestes ont \u00e9t\u00e9 particuli\u00e8rement touch\u00e9s par la crise, alors que les 5% les plus riches ont tir\u00e9 leur \u00e9pingle du jeu, souligne une \u00e9tude de l&rsquo;Insee. Cette ann\u00e9e-l\u00e0, le [&hellip;]<\/p>\n","protected":false},"author":2,"featured_media":0,"comment_status":"open","ping_status":"closed","sticky":false,"template":"","format":"standard","meta":{"footnotes":""},"categories":[4],"tags":[29,9],"class_list":["post-1047","post","type-post","status-publish","format-standard","hentry","category-articles","tag-crise-economique","tag-inegalites"],"_links":{"self":[{"href":"https:\/\/bliss.pro\/fracture\/wp-json\/wp\/v2\/posts\/1047","targetHints":{"allow":["GET"]}}],"collection":[{"href":"https:\/\/bliss.pro\/fracture\/wp-json\/wp\/v2\/posts"}],"about":[{"href":"https:\/\/bliss.pro\/fracture\/wp-json\/wp\/v2\/types\/post"}],"author":[{"embeddable":true,"href":"https:\/\/bliss.pro\/fracture\/wp-json\/wp\/v2\/users\/2"}],"replies":[{"embeddable":true,"href":"https:\/\/bliss.pro\/fracture\/wp-json\/wp\/v2\/comments?post=1047"}],"version-history":[{"count":5,"href":"https:\/\/bliss.pro\/fracture\/wp-json\/wp\/v2\/posts\/1047\/revisions"}],"predecessor-version":[{"id":1158,"href":"https:\/\/bliss.pro\/fracture\/wp-json\/wp\/v2\/posts\/1047\/revisions\/1158"}],"wp:attachment":[{"href":"https:\/\/bliss.pro\/fracture\/wp-json\/wp\/v2\/media?parent=1047"}],"wp:term":[{"taxonomy":"category","embeddable":true,"href":"https:\/\/bliss.pro\/fracture\/wp-json\/wp\/v2\/categories?post=1047"},{"taxonomy":"post_tag","embeddable":true,"href":"https:\/\/bliss.pro\/fracture\/wp-json\/wp\/v2\/tags?post=1047"}],"curies":[{"name":"wp","href":"https:\/\/api.w.org\/{rel}","templated":true}]}}